[{"@context":"https:\/\/schema.org\/","@type":"Article","@id":"https:\/\/www.naulici.cz\/maly-byt-nemusi-znamenat-malo-mista\/#Article","mainEntityOfPage":"https:\/\/www.naulici.cz\/maly-byt-nemusi-znamenat-malo-mista\/","headline":"Mal\u00fd byt nemus\u00ed znamenat m\u00e1lo m\u00edsta","name":"Mal\u00fd byt nemus\u00ed znamenat m\u00e1lo m\u00edsta","description":"Naj\u00edt si byt, kter\u00fd by po v\u0161ech str\u00e1nk\u00e1ch odpov\u00eddal na\u0161im p\u0159edstav\u00e1m, bylo v\u017edy slo\u017eit\u00e9 a dnes tomu nen\u00ed ani jinak. \u010casto ale lidem u\u017e sta\u010d\u00ed \u017e\u00edt t\u0159eba i v men\u0161\u00edm byte\u010dku, ale v dobr\u00e9 \u010dtvrti. Ov\u0161em men\u0161\u00ed rozm\u011bry obydl\u00ed za\u010dnou d\u0159\u00edve nebo pozd\u011bji vadit, zvl\u00e1\u0161t\u011b, kdy\u017e \u010dlov\u011bk nebydl\u00ed s\u00e1m. Vy\u0159e\u0161it tento probl\u00e9m v\u0161ak nen\u00ed tak [&hellip;]","datePublished":"2019-07-25","dateModified":"2023-04-29","author":{"@type":"Person","@id":"https:\/\/www.naulici.cz\/author\/#Person","name":"","url":"https:\/\/www.naulici.cz\/author\/","identifier":1,"image":{"@type":"ImageObject","@id":"https:\/\/secure.gravatar.com\/avatar\/212a6ea425a80cff3df937dbbc230f07127cee4fead311d1e3d946308365d666?s=96&d=mm&r=g","url":"https:\/\/secure.gravatar.com\/avatar\/212a6ea425a80cff3df937dbbc230f07127cee4fead311d1e3d946308365d666?s=96&d=mm&r=g","height":96,"width":96}},"publisher":{"@type":"Organization","name":"naulici.cz","logo":{"@type":"ImageObject","@id":"\/logo.png","url":"\/logo.png","width":600,"height":60}},"image":{"@type":"ImageObject","@id":"https:\/\/www.naulici.cz\/wp-content\/uploads\/img_a360512_w1781_t1574173156.png","url":"https:\/\/www.naulici.cz\/wp-content\/uploads\/img_a360512_w1781_t1574173156.png","height":0,"width":0},"url":"https:\/\/www.naulici.cz\/maly-byt-nemusi-znamenat-malo-mista\/","about":["Sport"],"wordCount":453,"articleBody":"        Naj\u00edt si byt, kter\u00fd by po v\u0161ech str\u00e1nk\u00e1ch odpov\u00eddal na\u0161im p\u0159edstav\u00e1m, bylo v\u017edy slo\u017eit\u00e9 a dnes tomu nen\u00ed ani jinak. \u010casto ale lidem u\u017e sta\u010d\u00ed \u017e\u00edt t\u0159eba i v men\u0161\u00edm byte\u010dku, ale v dobr\u00e9 \u010dtvrti. Ov\u0161em men\u0161\u00ed rozm\u011bry obydl\u00ed za\u010dnou d\u0159\u00edve nebo pozd\u011bji vadit, zvl\u00e1\u0161t\u011b, kdy\u017e \u010dlov\u011bk nebydl\u00ed s\u00e1m. Vy\u0159e\u0161it tento probl\u00e9m v\u0161ak nen\u00ed tak slo\u017eit\u00e9, jak by se mo\u017en\u00e1 mohlo na prvn\u00ed pohled zd\u00e1t. Naopak, m\u016f\u017ee se jednat o pom\u011brn\u011b jednoduchou z\u00e1le\u017eitost, ov\u0161em mus\u00edte se sm\u00ed\u0159it s t\u00edm, \u017ee v\u00e1s to bude n\u011bco st\u00e1t. Nemus\u00edte se v\u0161ak b\u00e1t, \u017e\u00e1dn\u00e9 ob\u0159\u00ed investice v\u00e1s v p\u0159\u00edpad\u011b, \u017ee na to p\u0159istoup\u00edte, ne\u010dekaj\u00ed. Sta\u010d\u00ed jen vym\u011bnit st\u00e1vaj\u00edc\u00ed klasick\u00e9 sk\u0159\u00edn\u011b za mnohem prakti\u010dt\u011bj\u0161\u00ed sk\u0159\u00edn\u011b na m\u00edru sten-skrine.cz. Na rozd\u00edl od t\u011bch klasick\u00fdch je tento typ n\u00e1bytku navr\u017een tak, aby nebyl situov\u00e1n p\u0159\u00edmo v obytn\u00e9 plo\u0161e, ale je kousek mimo ni, a sice ve st\u011bn\u011b bytu. Zn\u00ed to tro\u0161ku divn\u011b, ale je to velice efektivn\u00ed zp\u016fsob, jak uspo\u0159it trochu toho m\u00edsta. Ne\u010dekejte samoz\u0159ejm\u011b, \u017ee r\u00e1zem budete m\u00edt doma m\u00edsta pro leti\u0161t\u011b, ale trochu toho pl\u00e1cku pro sebe z\u00edsk\u00e1te, a hlavn\u011b v mal\u00fdch bytech se ka\u017ed\u00fd metr \u010dtvere\u010dn\u00ed nav\u00edc po\u010d\u00edt\u00e1. Cenov\u011b v\u00e1s to nav\u00edc nevyjde  https:\/\/www.csfd.cz\/film\/73489-nad-ostrovy-nevyjde-slunce\/prehled\/ o moc dr\u00e1\u017e ne\u017e klasick\u00fd n\u00e1bytek, kter\u00fd stoj\u00ed v pokoj\u00edch voln\u011b. Zde pochopiteln\u011b z\u00e1le\u017e\u00ed na tom, jestli v\u00e1m sta\u010d\u00ed b\u011b\u017en\u00fd materi\u00e1l, nebo budete cht\u00edt investovat do n\u011b\u010deho trochu lep\u0161\u00edho, kup\u0159\u00edkladu do dubu nebo jin\u00e9 masivn\u00ed d\u0159eviny. Z tak kvalitn\u00ed suroviny bude ale drah\u00fd ka\u017ed\u00fd n\u00e1bytek, nejen ten vestav\u011bn\u00fd. Kdy\u017e si budete cht\u00edt po\u0159\u00eddit sk\u0159\u00edn\u011b na m\u00edru, budete se muset sm\u00ed\u0159it s t\u00edm, \u017ee v\u00e1s \u010dek\u00e1 p\u00e1r n\u00e1v\u0161t\u011bv. A to nejen b\u011bhem st\u011bhov\u00e1n\u00ed, ale i p\u0159ed za\u010d\u00e1tkem v\u00fdroby. Je toti\u017e nezbytn\u00e9 prov\u00e9st m\u011b\u0159en\u00ed jednotliv\u00fdch st\u011bn. Na to pak bude z\u00e1viset, jak moc velk\u00fd si budete moci v\u016fbec n\u00e1bytek dovolit. V n\u011bkter\u00fdch bytech toti\u017e nen\u00ed mo\u017en\u00e9 se v tomto sm\u011bru p\u0159\u00edli\u0161 rozmachovat, jeliko\u017e k tomu nemaj\u00ed vhodn\u00e9 st\u011bny. Obvykle v\u0161ak \u017e\u00e1dn\u00e9 probl\u00e9my tohoto druhu nenast\u00e1vaj\u00ed.                                                                                                                                                                                                                                                                                                                                                                                          4.1\/5 - (11 votes)        "},{"@context":"https:\/\/schema.org\/","@type":"BreadcrumbList","itemListElement":[{"@type":"ListItem","position":1,"name":"Mal\u00fd byt nemus\u00ed znamenat m\u00e1lo m\u00edsta","item":"https:\/\/www.naulici.cz\/maly-byt-nemusi-znamenat-malo-mista\/#breadcrumbitem"}]}]